{"id":16211,"date":"2025-05-31T12:53:14","date_gmt":"2025-05-31T10:53:14","guid":{"rendered":"https:\/\/www.dnota.com\/?p=16211"},"modified":"2025-05-31T13:17:21","modified_gmt":"2025-05-31T11:17:21","slug":"executive-of-the-year-award-to-dnota","status":"publish","type":"post","link":"https:\/\/www.dnota.com\/en\/executive-of-the-year-award-to-dnota\/","title":{"rendered":"Executive of the Year Award to dnota, a recognition granted by the newspaper La Raz\u00f3n for a career marked by technological innovation in air quality and environmental health."},"content":{"rendered":"<div class=\"fusion-fullwidth fullwidth-box fusion-builder-row-1 fusion-flex-container has-pattern-background has-mask-background nonhundred-percent-fullwidth non-hundred-percent-height-scrolling\" style=\"--awb-border-radius-top-left:0px;--awb-border-radius-top-right:0px;--awb-border-radius-bottom-right:0px;--awb-border-radius-bottom-left:0px;--awb-flex-wrap:wrap;\" ><div class=\"fusion-builder-row fusion-row fusion-flex-align-items-flex-start fusion-flex-content-wrap\" style=\"max-width:1248px;margin-left: calc(-4% \/ 2 );margin-right: calc(-4% \/ 2 );\"><div class=\"fusion-layout-column fusion_builder_column fusion-builder-column-0 fusion_builder_column_1_2 1_2 fusion-flex-column\" style=\"--awb-bg-size:cover;--awb-width-large:50%;--awb-margin-top-large:0px;--awb-spacing-right-large:3.84%;--awb-margin-bottom-large:20px;--awb-spacing-left-large:3.84%;--awb-width-medium:50%;--awb-order-medium:0;--awb-spacing-right-medium:3.84%;--awb-spacing-left-medium:3.84%;--awb-width-small:100%;--awb-order-small:0;--awb-spacing-right-small:1.92%;--awb-spacing-left-small:1.92%;\"><div class=\"fusion-column-wrapper fusion-column-has-shadow fusion-flex-justify-content-flex-start fusion-content-layout-column\"><div class=\"fusion-text fusion-text-1\" style=\"--awb-content-alignment:justify;\"><h6 data-start=\"62\" data-end=\"145\"><strong data-start=\"62\" data-end=\"145\">Executive of the Year Award to dnota in Air Quality and Microbiological Control<\/strong><\/h6>\n<p data-start=\"147\" data-end=\"527\">The Executive of the Year Award to dnota is the recognition granted by the newspaper <em data-start=\"232\" data-end=\"242\">La Raz\u00f3n<\/em> for a trajectory marked by technological innovation in air quality and environmental health. Through solutions such as Bettair\u2019s IoT sensors and Microbial\u2019s developments in food and water microbiology, the company has contributed to transforming cities and protecting people&#8217;s health.<\/p>\n<p data-start=\"529\" data-end=\"701\">This is how <em data-start=\"541\" data-end=\"551\">La Raz\u00f3n<\/em> acknowledged the professional career of \u00d3scar Navarro Cabrera, CEO of dnota, during the II Executive of the Year Awards 2025 ceremony held in Madrid.<\/p>\n<p data-start=\"703\" data-end=\"1113\">The event, attended by representatives from institutional and business spheres, featured the presentation of the award by Francisco Marhuenda, Director of <em data-start=\"858\" data-end=\"868\">La Raz\u00f3n<\/em>, and Roc\u00edo Albert L\u00f3pez-Ibor, Minister of Economy of the Community of Madrid. \u00d3scar Navarro received the award accompanied by his executive team, Miguel \u00c1ngel Garc\u00eda Poch and N\u00e9stor Torre, highlighting the collective nature of this recognition.<\/p>\n<\/div><div class=\"fusion-image-element \" style=\"--awb-caption-title-font-family:var(--h2_typography-font-family);--awb-caption-title-font-weight:var(--h2_typography-font-weight);--awb-caption-title-font-style:var(--h2_typography-font-style);--awb-caption-title-size:var(--h2_typography-font-size);--awb-caption-title-transform:var(--h2_typography-text-transform);--awb-caption-title-line-height:var(--h2_typography-line-height);--awb-caption-title-letter-spacing:var(--h2_typography-letter-spacing);\"><span class=\" fusion-imageframe imageframe-none imageframe-1 hover-type-none\"><a class=\"fusion-no-lightbox\" href=\"https:\/\/www.larazon.es\/economia\/ser-directivo-tarea-emocionante-inquietante-gran-sacrificio_20250529683793ba3407f96812b15b21.html\" target=\"_self\" aria-label=\"6fd02515-5185-4a53-91b9-46a23907c798\" rel=\"noopener\"><img decoding=\"async\" width=\"1200\" height=\"1600\" alt=\"dnota Receives the Executive of the Year Award\" src=\"https:\/\/www.dnota.com\/wp-content\/uploads\/2025\/05\/6fd02515-5185-4a53-91b9-46a23907c798.jpg\" class=\"img-responsive wp-image-16221\" srcset=\"https:\/\/www.dnota.com\/wp-content\/uploads\/2025\/05\/6fd02515-5185-4a53-91b9-46a23907c798-200x267.jpg 200w, https:\/\/www.dnota.com\/wp-content\/uploads\/2025\/05\/6fd02515-5185-4a53-91b9-46a23907c798-400x533.jpg 400w, https:\/\/www.dnota.com\/wp-content\/uploads\/2025\/05\/6fd02515-5185-4a53-91b9-46a23907c798-600x800.jpg 600w, https:\/\/www.dnota.com\/wp-content\/uploads\/2025\/05\/6fd02515-5185-4a53-91b9-46a23907c798-800x1067.jpg 800w, https:\/\/www.dnota.com\/wp-content\/uploads\/2025\/05\/6fd02515-5185-4a53-91b9-46a23907c798.jpg 1200w\" sizes=\"(max-width: 549px) 100vw, 600px\" \/><\/a><\/span><\/div><div class=\"fusion-text fusion-text-2\" style=\"--awb-content-alignment:justify;\"><h6>About dnota<\/h6>\n<p class=\"reader-text-block__paragraph\">More information on how <a href=\"https:\/\/www.linkedin.com\/company\/dnota\/\" data-entity-type=\"MINI_COMPANY\" target=\"_blank\" rel=\"noopener\">dnota <\/a> can help you control the air we breathe is available on our website <a href=\"http:\/\/www.dnota.com\/\">www.dnota.com<\/a> and our social networks, where you can see all our <a href=\"https:\/\/www.dnota.com\/en\/products\/\">products <\/a> and <a href=\"https:\/\/www.dnota.com\/en\/services\/\">services<\/a>.<\/p>\n<p class=\"reader-text-block__paragraph\">We also have our <a href=\"https:\/\/www.linkedin.com\/feed\/hashtag\/videocorporativo\" target=\"_blank\" rel=\"noopener\">#videocorporate<\/a> with the vision that <a href=\"https:\/\/www.linkedin.com\/company\/dnota\/\" data-entity-type=\"MINI_COMPANY\" target=\"_blank\" rel=\"noopener\">note<\/a> of how to control the air we breathe. <a href=\"https:\/\/www.linkedin.com\/company\/dnota\/\" target=\"_blank\" rel=\"noopener\">dnota LinkedIn<\/a> <a href=\"https:\/\/twitter.com\/dnotamedioamb\" target=\"_blank\" rel=\"noopener\">Twitter<\/a> <a href=\"https:\/\/www.youtube.com\/@dnotamedioambiente909\" target=\"_blank\" rel=\"noopener\">Youtube<\/a><\/p>\n<\/div><\/div><\/div><div class=\"fusion-layout-column fusion_builder_column fusion-builder-column-1 fusion_builder_column_1_2 1_2 fusion-flex-column\" style=\"--awb-bg-size:cover;--awb-width-large:50%;--awb-margin-top-large:0px;--awb-spacing-right-large:3.84%;--awb-margin-bottom-large:20px;--awb-spacing-left-large:3.84%;--awb-width-medium:50%;--awb-order-medium:0;--awb-spacing-right-medium:3.84%;--awb-spacing-left-medium:3.84%;--awb-width-small:100%;--awb-order-small:0;--awb-spacing-right-small:1.92%;--awb-spacing-left-small:1.92%;\"><div class=\"fusion-column-wrapper fusion-column-has-shadow fusion-flex-justify-content-flex-start fusion-content-layout-column\"><div class=\"fusion-image-element \" style=\"--awb-caption-title-font-family:var(--h2_typography-font-family);--awb-caption-title-font-weight:var(--h2_typography-font-weight);--awb-caption-title-font-style:var(--h2_typography-font-style);--awb-caption-title-size:var(--h2_typography-font-size);--awb-caption-title-transform:var(--h2_typography-text-transform);--awb-caption-title-line-height:var(--h2_typography-line-height);--awb-caption-title-letter-spacing:var(--h2_typography-letter-spacing);\"><span class=\" fusion-imageframe imageframe-none imageframe-2 hover-type-none\"><a class=\"fusion-no-lightbox\" href=\"https:\/\/www.larazon.es\/economia\/ser-directivo-tarea-emocionante-inquietante-gran-sacrificio_20250529683793ba3407f96812b15b21.html\" target=\"_self\" aria-label=\"JAR09355\" rel=\"noopener\"><img decoding=\"async\" width=\"2560\" height=\"1707\" alt=\"\u00d3scar Navarro recoge el premio junto al equipo directivo de dnota\" src=\"https:\/\/www.dnota.com\/wp-content\/uploads\/2025\/05\/JAR09355-scaled.jpg\" class=\"img-responsive wp-image-16219\" srcset=\"https:\/\/www.dnota.com\/wp-content\/uploads\/2025\/05\/JAR09355-200x133.jpg 200w, https:\/\/www.dnota.com\/wp-content\/uploads\/2025\/05\/JAR09355-400x267.jpg 400w, https:\/\/www.dnota.com\/wp-content\/uploads\/2025\/05\/JAR09355-600x400.jpg 600w, https:\/\/www.dnota.com\/wp-content\/uploads\/2025\/05\/JAR09355-800x533.jpg 800w, https:\/\/www.dnota.com\/wp-content\/uploads\/2025\/05\/JAR09355-1200x800.jpg 1200w, https:\/\/www.dnota.com\/wp-content\/uploads\/2025\/05\/JAR09355-scaled.jpg 2560w\" sizes=\"(max-width: 549px) 100vw, 600px\" \/><\/a><\/span><\/div><div class=\"fusion-text fusion-text-3\" style=\"--awb-content-alignment:justify;\"><h6 style=\"text-align: left;\" data-start=\"111\" data-end=\"198\"><strong data-start=\"111\" data-end=\"198\">Technological Leadership in Air Quality and Environmental Health with Global Impact<\/strong><\/h6>\n<p data-start=\"200\" data-end=\"514\">This Executive of the Year Award in air quality and smart cities recognizes a career that began in 2010 with the creation of dnota, now positioned as an international benchmark in air quality monitoring, offering high-precision IoT sensor-based solutions (bettair\u00ae) and an advanced air quality monitoring platform.<\/p>\n<p data-start=\"516\" data-end=\"782\">Thanks to its technology, dnota is present in more than 70 countries, including cities such as Madrid, Las Rozas, Barcelona, New York, Rome, S\u00e3o Paulo, and Montreal, contributing to healthier urban environments and public health within the framework of Smart Cities.<\/p>\n<p data-start=\"784\" data-end=\"1130\">The recognition also highlights dnota\u2019s role as the driving force behind Microbial, the business unit focused on food and water microbiology, which is currently developing an innovative rapid detection kit for Salmonella. This kit is aimed at the primary sector, with a direct impact on food safety and risk prevention in productive environments.<\/p>\n<\/div><div class=\"fusion-video fusion-youtube\" style=\"--awb-max-width:600px;--awb-max-height:360px;\"><div class=\"video-shortcode\"><lite-youtube videoid=\"vGquPq4HYc4\" class=\"landscape\" params=\"wmode=transparent&autoplay=1&amp;enablejsapi=1\" title=\"YouTube video player 1\" data-button-label=\"Play Video\" width=\"600\" height=\"360\" data-thumbnail-size=\"auto\" data-no-cookie=\"on\"><\/lite-youtube><\/div><\/div><\/div><\/div><\/div><\/div>\n","protected":false},"excerpt":{"rendered":"","protected":false},"author":324,"featured_media":16215,"comment_status":"closed","ping_status":"closed","sticky":false,"template":"","format":"standard","meta":{"footnotes":""},"categories":[169],"tags":[],"sector":[315],"ubicacion":[],"pais":[],"class_list":["post-16211","post","type-post","status-publish","format-standard","has-post-thumbnail","hentry","category-air","sector-sector-en"],"_links":{"self":[{"href":"https:\/\/www.dnota.com\/en\/wp-json\/wp\/v2\/posts\/16211","targetHints":{"allow":["GET"]}}],"collection":[{"href":"https:\/\/www.dnota.com\/en\/wp-json\/wp\/v2\/posts"}],"about":[{"href":"https:\/\/www.dnota.com\/en\/wp-json\/wp\/v2\/types\/post"}],"author":[{"embeddable":true,"href":"https:\/\/www.dnota.com\/en\/wp-json\/wp\/v2\/users\/324"}],"replies":[{"embeddable":true,"href":"https:\/\/www.dnota.com\/en\/wp-json\/wp\/v2\/comments?post=16211"}],"version-history":[{"count":6,"href":"https:\/\/www.dnota.com\/en\/wp-json\/wp\/v2\/posts\/16211\/revisions"}],"predecessor-version":[{"id":16235,"href":"https:\/\/www.dnota.com\/en\/wp-json\/wp\/v2\/posts\/16211\/revisions\/16235"}],"wp:featuredmedia":[{"embeddable":true,"href":"https:\/\/www.dnota.com\/en\/wp-json\/wp\/v2\/media\/16215"}],"wp:attachment":[{"href":"https:\/\/www.dnota.com\/en\/wp-json\/wp\/v2\/media?parent=16211"}],"wp:term":[{"taxonomy":"category","embeddable":true,"href":"https:\/\/www.dnota.com\/en\/wp-json\/wp\/v2\/categories?post=16211"},{"taxonomy":"post_tag","embeddable":true,"href":"https:\/\/www.dnota.com\/en\/wp-json\/wp\/v2\/tags?post=16211"},{"taxonomy":"sector","embeddable":true,"href":"https:\/\/www.dnota.com\/en\/wp-json\/wp\/v2\/sector?post=16211"},{"taxonomy":"ubicacion","embeddable":true,"href":"https:\/\/www.dnota.com\/en\/wp-json\/wp\/v2\/ubicacion?post=16211"},{"taxonomy":"pais","embeddable":true,"href":"https:\/\/www.dnota.com\/en\/wp-json\/wp\/v2\/pais?post=16211"}],"curies":[{"name":"wp","href":"https:\/\/api.w.org\/{rel}","templated":true}]}}